{"id":10294,"date":"2023-05-12T12:07:39","date_gmt":"2023-05-12T12:07:39","guid":{"rendered":"https:\/\/sdo.co.mz\/?p=10294"},"modified":"2023-05-12T12:36:32","modified_gmt":"2023-05-12T12:36:32","slug":"5o-evento-sdo-talks-o-papel-das-redes-sociais-na-construcao-da-imagem-de-um-profissional","status":"publish","type":"post","link":"https:\/\/sdo.co.mz\/en\/5o-evento-sdo-talks-o-papel-das-redes-sociais-na-construcao-da-imagem-de-um-profissional\/","title":{"rendered":"5\u00ba Evento SDO Talks &#8211; &#8220;O papel das redes sociais na constru\u00e7\u00e3o da imagem de um profissional&#8221;"},"content":{"rendered":"<p><strong>Partilhamos um resumo da nossa 5\u00ba edi\u00e7\u00e3o do #SDOTalks \ud83d\ude03\u00a0<\/strong><\/p>\n<p>&nbsp;<\/p>\n<p>O evento teve lugar no dia 28 de Abril, no Edif\u00edcio Sede do Moza Banco, em Maputo, onde tivemos o prazer de apresentar o tema &#8220;O papel das redes sociais na constru\u00e7\u00e3o da imagem de um profissional&#8221;, com as oradoras M\u00e1rcia Silva, Directora de RH do Moza Banco e Denize Sultane, Strategic Business Partner e Directora de RH da Manica Freight Services.<\/p>\n<p>&nbsp;<\/p>\n<p><img decoding=\"async\" src=\"https:\/\/sdo.co.mz\/wp-content\/uploads\/2023\/05\/5M4_6587-175x175.jpg\" alt=\"5_evento_sdo_talks_01\" width=\"175\" height=\"175\" class=\"alignleft wp-image-10295 size-thumbnail\" srcset=\"https:\/\/sdo.co.mz\/wp-content\/uploads\/2023\/05\/5M4_6587-175x175.jpg 175w, https:\/\/sdo.co.mz\/wp-content\/uploads\/2023\/05\/5M4_6587-700x700.jpg 700w\" sizes=\"(max-width: 175px) 100vw, 175px\" \/><\/p>\n<p><img decoding=\"async\" src=\"https:\/\/sdo.co.mz\/wp-content\/uploads\/2023\/05\/5M4_6500-175x175.jpg\" alt=\"5_evento_sdo_talks_02\" width=\"175\" height=\"175\" class=\"alignleft wp-image-10297 size-thumbnail\" srcset=\"https:\/\/sdo.co.mz\/wp-content\/uploads\/2023\/05\/5M4_6500-175x175.jpg 175w, https:\/\/sdo.co.mz\/wp-content\/uploads\/2023\/05\/5M4_6500-700x700.jpg 700w\" sizes=\"(max-width: 175px) 100vw, 175px\" \/><\/p>\n<p><img decoding=\"async\" src=\"https:\/\/sdo.co.mz\/wp-content\/uploads\/2023\/05\/5M4_6562-175x175.jpg\" alt=\"5_evento_sdo_talks_03\" width=\"175\" height=\"175\" class=\"alignleft wp-image-10296 size-thumbnail\" srcset=\"https:\/\/sdo.co.mz\/wp-content\/uploads\/2023\/05\/5M4_6562-175x175.jpg 175w, https:\/\/sdo.co.mz\/wp-content\/uploads\/2023\/05\/5M4_6562-700x700.jpg 700w\" sizes=\"(max-width: 175px) 100vw, 175px\" \/><\/p>\n<p>&nbsp;<\/p>\n<p>&nbsp;<\/p>\n<p>&nbsp;<\/p>\n<p>&nbsp;<\/p>\n<p>&nbsp;<\/p>\n<p><span style=\"color: #3366ff;\"><a href=\"https:\/\/www.facebook.com\/media\/set\/?vanity=sdo.mozambique&amp;set=a.966256641383500\" target=\"_blank\" rel=\"noopener\" style=\"color: #3366ff;\">Clique aqui para ver mais.<\/a><\/span><\/p>\n<p>&nbsp;<\/p>\n<p><strong>V\u00eddeo do 5\u00ba evento SDO Talks:<\/strong><\/p>\n\n<div data-mode=\"normal\" data-oembed=\"1\" data-provider=\"youtube\" id=\"arve-youtube-dvqy7ixudrk\" style=\"max-width:750px;\" class=\"arve\">\n\t<div class=\"arve-inner\">\n\t\t<div class=\"arve-embed arve-embed--has-aspect-ratio\">\n\t\t\t<div class=\"arve-ar\" style=\"padding-top:56.266667%\"><\/div>\n\t\t\t<iframe allow=\"accelerometer &apos;none&apos;;autoplay &apos;none&apos;;bluetooth &apos;none&apos;;browsing-topics &apos;none&apos;;camera &apos;none&apos;;clipboard-read &apos;none&apos;;clipboard-write;display-capture &apos;none&apos;;encrypted-media &apos;none&apos;;gamepad &apos;none&apos;;geolocation &apos;none&apos;;gyroscope &apos;none&apos;;hid &apos;none&apos;;identity-credentials-get &apos;none&apos;;idle-detection &apos;none&apos;;keyboard-map &apos;none&apos;;local-fonts;magnetometer &apos;none&apos;;microphone &apos;none&apos;;midi &apos;none&apos;;otp-credentials &apos;none&apos;;payment &apos;none&apos;;picture-in-picture;publickey-credentials-create &apos;none&apos;;publickey-credentials-get &apos;none&apos;;screen-wake-lock &apos;none&apos;;serial &apos;none&apos;;summarizer &apos;none&apos;;sync-xhr;usb &apos;none&apos;;web-share;window-management &apos;none&apos;;xr-spatial-tracking &apos;none&apos;;\" allowfullscreen=\"\" class=\"arve-iframe fitvidsignore\" credentialless data-arve=\"arve-youtube-dvqy7ixudrk\" data-lenis-prevent=\"\" data-src-no-ap=\"https:\/\/www.youtube-nocookie.com\/embed\/DVQY7IXUdrk?feature=oembed&amp;iv_load_policy=3&amp;modestbranding=1&amp;rel=0&amp;autohide=1&amp;playsinline=0&amp;autoplay=0\" frameborder=\"0\" height=\"422\" loading=\"lazy\" name=\"\" referrerpolicy=\"strict-origin-when-cross-origin\" sandbox=\"allow-scripts allow-same-origin allow-presentation allow-popups allow-popups-to-escape-sandbox\" scrolling=\"no\" src=\"https:\/\/www.youtube-nocookie.com\/embed\/DVQY7IXUdrk?feature=oembed&#038;iv_load_policy=3&#038;modestbranding=1&#038;rel=0&#038;autohide=1&#038;playsinline=0&#038;autoplay=0\" title=\"O Papel das Redes Sociais na Constru\u00e7\u00e3o da Imagem de um Profissional - SDO Talks #5\" width=\"750\"><\/iframe>\n\t\t\t\n\t\t<\/div>\n\t\t\n\t<\/div>\n\t\n\t\n\t<script type=\"application\/ld+json\">{\n    \"@context\": \"http:\\\/\\\/schema.org\\\/\",\n    \"@id\": \"https:\\\/\\\/sdo.co.mz\\\/en\\\/5o-evento-sdo-talks-o-papel-das-redes-sociais-na-construcao-da-imagem-de-um-profissional\\\/#arve-youtube-dvqy7ixudrk\",\n    \"type\": \"VideoObject\",\n    \"embedURL\": \"https:\\\/\\\/www.youtube-nocookie.com\\\/embed\\\/DVQY7IXUdrk?feature=oembed&iv_load_policy=3&modestbranding=1&rel=0&autohide=1&playsinline=0&autoplay=0\",\n    \"name\": \"O Papel das Redes Sociais na Constru\\u00e7\\u00e3o da Imagem de um Profissional - SDO Talks #5\"\n}<\/script>\n\t\n<\/div>\n<p><strong>De toda a equipa SDO Mo\u00e7ambique, o nosso OBRIGADO.<\/strong><\/p>","protected":false},"excerpt":{"rendered":"<p>Partilhamos um resumo da nossa 5\u00ba edi\u00e7\u00e3o do #SDOTalks \ud83d\ude03\u00a0 &nbsp; O evento teve lugar no dia 28 de Abril, no Edif\u00edcio Sede do Moza Banco, em Maputo, onde tivemos o prazer de apresentar o tema &#8220;O papel das redes sociais na constru\u00e7\u00e3o da imagem de um profissional&#8221;, com as [&hellip;]<\/p>\n","protected":false},"author":3,"featured_media":10298,"comment_status":"open","ping_status":"open","sticky":false,"template":"","format":"standard","meta":{"footnotes":""},"categories":[42],"tags":[],"class_list":["post-10294","post","type-post","status-publish","format-standard","has-post-thumbnail","hentry","category-artigos"],"yoast_head":"<!-- This site is optimized with the Yoast SEO Premium plugin v25.9 (Yoast SEO v27.3) - https:\/\/yoast.com\/product\/yoast-seo-premium-wordpress\/ -->\n<title>5\u00ba Evento SDO Talks - &quot;O papel das redes sociais na constru\u00e7\u00e3o da imagem de um profissional&quot; - SDO Mo\u00e7ambique<\/title>\n<meta name=\"robots\" content=\"index, follow, max-snippet:-1, max-image-preview:large, max-video-preview:-1\" \/>\n<link rel=\"canonical\" href=\"https:\/\/sdo.co.mz\/en\/5o-evento-sdo-talks-o-papel-das-redes-sociais-na-construcao-da-imagem-de-um-profissional\/\" \/>\n<meta property=\"og:locale\" content=\"en_GB\" \/>\n<meta property=\"og:type\" content=\"article\" \/>\n<meta property=\"og:title\" content=\"5\u00ba Evento SDO Talks - &quot;O papel das redes sociais na constru\u00e7\u00e3o da imagem de um profissional&quot;\" \/>\n<meta property=\"og:description\" content=\"Partilhamos um resumo da nossa 5\u00ba edi\u00e7\u00e3o do #SDOTalks \ud83d\ude03\u00a0 &nbsp; O evento teve lugar no dia 28 de Abril, no Edif\u00edcio Sede do Moza Banco, em Maputo, onde tivemos o prazer de apresentar o tema &#8220;O papel das redes sociais na constru\u00e7\u00e3o da imagem de um profissional&#8221;, com as [&hellip;]\" \/>\n<meta property=\"og:url\" content=\"https:\/\/sdo.co.mz\/en\/5o-evento-sdo-talks-o-papel-das-redes-sociais-na-construcao-da-imagem-de-um-profissional\/\" \/>\n<meta property=\"og:site_name\" content=\"SDO Mo\u00e7ambique\" \/>\n<meta property=\"article:publisher\" content=\"https:\/\/www.facebook.com\/sdo.mozambique\/\" \/>\n<meta property=\"article:published_time\" content=\"2023-05-12T12:07:39+00:00\" \/>\n<meta property=\"article:modified_time\" content=\"2023-05-12T12:36:32+00:00\" \/>\n<meta property=\"og:image\" content=\"https:\/\/sdo.co.mz\/wp-content\/uploads\/2023\/05\/5M4_6622-scaled.jpg\" \/>\n\t<meta property=\"og:image:width\" content=\"2560\" \/>\n\t<meta property=\"og:image:height\" content=\"1707\" \/>\n\t<meta property=\"og:image:type\" content=\"image\/jpeg\" \/>\n<meta name=\"author\" content=\"SDO Mo\u00e7ambique\" \/>\n<meta name=\"twitter:card\" content=\"summary_large_image\" \/>\n<meta name=\"twitter:label1\" content=\"Written by\" \/>\n\t<meta name=\"twitter:data1\" content=\"SDO Mo\u00e7ambique\" \/>\n\t<meta name=\"twitter:label2\" content=\"Estimated reading time\" \/>\n\t<meta name=\"twitter:data2\" content=\"2 minutes\" \/>\n<script type=\"application\/ld+json\" class=\"yoast-schema-graph\">{\"@context\":\"https:\\\/\\\/schema.org\",\"@graph\":[{\"@type\":\"Article\",\"@id\":\"https:\\\/\\\/sdo.co.mz\\\/5o-evento-sdo-talks-o-papel-das-redes-sociais-na-construcao-da-imagem-de-um-profissional\\\/#article\",\"isPartOf\":{\"@id\":\"https:\\\/\\\/sdo.co.mz\\\/5o-evento-sdo-talks-o-papel-das-redes-sociais-na-construcao-da-imagem-de-um-profissional\\\/\"},\"author\":{\"name\":\"SDO Mo\u00e7ambique\",\"@id\":\"https:\\\/\\\/sdo.co.mz\\\/#\\\/schema\\\/person\\\/95454cf15248ee2494810629a9d16dd3\"},\"headline\":\"5\u00ba Evento SDO Talks &#8211; &#8220;O papel das redes sociais na constru\u00e7\u00e3o da imagem de um profissional&#8221;\",\"datePublished\":\"2023-05-12T12:07:39+00:00\",\"dateModified\":\"2023-05-12T12:36:32+00:00\",\"mainEntityOfPage\":{\"@id\":\"https:\\\/\\\/sdo.co.mz\\\/5o-evento-sdo-talks-o-papel-das-redes-sociais-na-construcao-da-imagem-de-um-profissional\\\/\"},\"wordCount\":143,\"commentCount\":0,\"publisher\":{\"@id\":\"https:\\\/\\\/sdo.co.mz\\\/#organization\"},\"image\":{\"@id\":\"https:\\\/\\\/sdo.co.mz\\\/5o-evento-sdo-talks-o-papel-das-redes-sociais-na-construcao-da-imagem-de-um-profissional\\\/#primaryimage\"},\"thumbnailUrl\":\"https:\\\/\\\/sdo.co.mz\\\/wp-content\\\/uploads\\\/2023\\\/05\\\/5M4_6622-scaled.jpg\",\"articleSection\":[\"Artigos\"],\"inLanguage\":\"en-GB\",\"potentialAction\":[{\"@type\":\"CommentAction\",\"name\":\"Comment\",\"target\":[\"https:\\\/\\\/sdo.co.mz\\\/5o-evento-sdo-talks-o-papel-das-redes-sociais-na-construcao-da-imagem-de-um-profissional\\\/#respond\"]}]},{\"@type\":\"WebPage\",\"@id\":\"https:\\\/\\\/sdo.co.mz\\\/5o-evento-sdo-talks-o-papel-das-redes-sociais-na-construcao-da-imagem-de-um-profissional\\\/\",\"url\":\"https:\\\/\\\/sdo.co.mz\\\/5o-evento-sdo-talks-o-papel-das-redes-sociais-na-construcao-da-imagem-de-um-profissional\\\/\",\"name\":\"5\u00ba Evento SDO Talks - \\\"O papel das redes sociais na constru\u00e7\u00e3o da imagem de um profissional\\\" - SDO Mo\u00e7ambique\",\"isPartOf\":{\"@id\":\"https:\\\/\\\/sdo.co.mz\\\/#website\"},\"primaryImageOfPage\":{\"@id\":\"https:\\\/\\\/sdo.co.mz\\\/5o-evento-sdo-talks-o-papel-das-redes-sociais-na-construcao-da-imagem-de-um-profissional\\\/#primaryimage\"},\"image\":{\"@id\":\"https:\\\/\\\/sdo.co.mz\\\/5o-evento-sdo-talks-o-papel-das-redes-sociais-na-construcao-da-imagem-de-um-profissional\\\/#primaryimage\"},\"thumbnailUrl\":\"https:\\\/\\\/sdo.co.mz\\\/wp-content\\\/uploads\\\/2023\\\/05\\\/5M4_6622-scaled.jpg\",\"datePublished\":\"2023-05-12T12:07:39+00:00\",\"dateModified\":\"2023-05-12T12:36:32+00:00\",\"breadcrumb\":{\"@id\":\"https:\\\/\\\/sdo.co.mz\\\/5o-evento-sdo-talks-o-papel-das-redes-sociais-na-construcao-da-imagem-de-um-profissional\\\/#breadcrumb\"},\"inLanguage\":\"en-GB\",\"potentialAction\":[{\"@type\":\"ReadAction\",\"target\":[\"https:\\\/\\\/sdo.co.mz\\\/5o-evento-sdo-talks-o-papel-das-redes-sociais-na-construcao-da-imagem-de-um-profissional\\\/\"]}]},{\"@type\":\"ImageObject\",\"inLanguage\":\"en-GB\",\"@id\":\"https:\\\/\\\/sdo.co.mz\\\/5o-evento-sdo-talks-o-papel-das-redes-sociais-na-construcao-da-imagem-de-um-profissional\\\/#primaryimage\",\"url\":\"https:\\\/\\\/sdo.co.mz\\\/wp-content\\\/uploads\\\/2023\\\/05\\\/5M4_6622-scaled.jpg\",\"contentUrl\":\"https:\\\/\\\/sdo.co.mz\\\/wp-content\\\/uploads\\\/2023\\\/05\\\/5M4_6622-scaled.jpg\",\"width\":2560,\"height\":1707,\"caption\":\"5_evento_sdo_talks_04\"},{\"@type\":\"BreadcrumbList\",\"@id\":\"https:\\\/\\\/sdo.co.mz\\\/5o-evento-sdo-talks-o-papel-das-redes-sociais-na-construcao-da-imagem-de-um-profissional\\\/#breadcrumb\",\"itemListElement\":[{\"@type\":\"ListItem\",\"position\":1,\"name\":\"In\u00edcio\",\"item\":\"https:\\\/\\\/sdo.co.mz\\\/\"},{\"@type\":\"ListItem\",\"position\":2,\"name\":\"5\u00ba Evento SDO Talks &#8211; &#8220;O papel das redes sociais na constru\u00e7\u00e3o da imagem de um profissional&#8221;\"}]},{\"@type\":\"WebSite\",\"@id\":\"https:\\\/\\\/sdo.co.mz\\\/#website\",\"url\":\"https:\\\/\\\/sdo.co.mz\\\/\",\"name\":\"SDO Mo\u00e7ambique\",\"description\":\"Acreditamos no valor das PESSOAS e das ORGANIZA\u00c7\u00d5ES\",\"publisher\":{\"@id\":\"https:\\\/\\\/sdo.co.mz\\\/#organization\"},\"potentialAction\":[{\"@type\":\"SearchAction\",\"target\":{\"@type\":\"EntryPoint\",\"urlTemplate\":\"https:\\\/\\\/sdo.co.mz\\\/?s={search_term_string}\"},\"query-input\":{\"@type\":\"PropertyValueSpecification\",\"valueRequired\":true,\"valueName\":\"search_term_string\"}}],\"inLanguage\":\"en-GB\"},{\"@type\":\"Organization\",\"@id\":\"https:\\\/\\\/sdo.co.mz\\\/#organization\",\"name\":\"SDO Mo\u00e7ambique\",\"url\":\"https:\\\/\\\/sdo.co.mz\\\/\",\"logo\":{\"@type\":\"ImageObject\",\"inLanguage\":\"en-GB\",\"@id\":\"https:\\\/\\\/sdo.co.mz\\\/#\\\/schema\\\/logo\\\/image\\\/\",\"url\":\"https:\\\/\\\/sdo.co.mz\\\/wp-content\\\/uploads\\\/2022\\\/05\\\/sdo_logo-01-removebg-preview.png\",\"contentUrl\":\"https:\\\/\\\/sdo.co.mz\\\/wp-content\\\/uploads\\\/2022\\\/05\\\/sdo_logo-01-removebg-preview.png\",\"width\":500,\"height\":500,\"caption\":\"SDO Mo\u00e7ambique\"},\"image\":{\"@id\":\"https:\\\/\\\/sdo.co.mz\\\/#\\\/schema\\\/logo\\\/image\\\/\"},\"sameAs\":[\"https:\\\/\\\/www.facebook.com\\\/sdo.mozambique\\\/\",\"https:\\\/\\\/www.instagram.com\\\/sdo.mozambique\\\/\",\"https:\\\/\\\/www.linkedin.com\\\/company\\\/sdo-moambique\\\/\"]},{\"@type\":\"Person\",\"@id\":\"https:\\\/\\\/sdo.co.mz\\\/#\\\/schema\\\/person\\\/95454cf15248ee2494810629a9d16dd3\",\"name\":\"SDO Mo\u00e7ambique\",\"image\":{\"@type\":\"ImageObject\",\"inLanguage\":\"en-GB\",\"@id\":\"https:\\\/\\\/secure.gravatar.com\\\/avatar\\\/74652c546e332f971e85e42bcfad6bc061f43fe8658c70c65133cde6727b22bc?s=96&d=mm&r=g\",\"url\":\"https:\\\/\\\/secure.gravatar.com\\\/avatar\\\/74652c546e332f971e85e42bcfad6bc061f43fe8658c70c65133cde6727b22bc?s=96&d=mm&r=g\",\"contentUrl\":\"https:\\\/\\\/secure.gravatar.com\\\/avatar\\\/74652c546e332f971e85e42bcfad6bc061f43fe8658c70c65133cde6727b22bc?s=96&d=mm&r=g\",\"caption\":\"SDO Mo\u00e7ambique\"},\"url\":\"https:\\\/\\\/sdo.co.mz\\\/en\\\/author\\\/sdo\\\/\"}]}<\/script>\n<!-- \/ Yoast SEO Premium plugin. -->","yoast_head_json":{"title":"5\u00ba Evento SDO Talks - \"O papel das redes sociais na constru\u00e7\u00e3o da imagem de um profissional\" - SDO Mo\u00e7ambique","robots":{"index":"index","follow":"follow","max-snippet":"max-snippet:-1","max-image-preview":"max-image-preview:large","max-video-preview":"max-video-preview:-1"},"canonical":"https:\/\/sdo.co.mz\/en\/5o-evento-sdo-talks-o-papel-das-redes-sociais-na-construcao-da-imagem-de-um-profissional\/","og_locale":"en_GB","og_type":"article","og_title":"5\u00ba Evento SDO Talks - \"O papel das redes sociais na constru\u00e7\u00e3o da imagem de um profissional\"","og_description":"Partilhamos um resumo da nossa 5\u00ba edi\u00e7\u00e3o do #SDOTalks \ud83d\ude03\u00a0 &nbsp; O evento teve lugar no dia 28 de Abril, no Edif\u00edcio Sede do Moza Banco, em Maputo, onde tivemos o prazer de apresentar o tema &#8220;O papel das redes sociais na constru\u00e7\u00e3o da imagem de um profissional&#8221;, com as [&hellip;]","og_url":"https:\/\/sdo.co.mz\/en\/5o-evento-sdo-talks-o-papel-das-redes-sociais-na-construcao-da-imagem-de-um-profissional\/","og_site_name":"SDO Mo\u00e7ambique","article_publisher":"https:\/\/www.facebook.com\/sdo.mozambique\/","article_published_time":"2023-05-12T12:07:39+00:00","article_modified_time":"2023-05-12T12:36:32+00:00","og_image":[{"width":2560,"height":1707,"url":"https:\/\/sdo.co.mz\/wp-content\/uploads\/2023\/05\/5M4_6622-scaled.jpg","type":"image\/jpeg"}],"author":"SDO Mo\u00e7ambique","twitter_card":"summary_large_image","twitter_misc":{"Written by":"SDO Mo\u00e7ambique","Estimated reading time":"2 minutes"},"schema":{"@context":"https:\/\/schema.org","@graph":[{"@type":"Article","@id":"https:\/\/sdo.co.mz\/5o-evento-sdo-talks-o-papel-das-redes-sociais-na-construcao-da-imagem-de-um-profissional\/#article","isPartOf":{"@id":"https:\/\/sdo.co.mz\/5o-evento-sdo-talks-o-papel-das-redes-sociais-na-construcao-da-imagem-de-um-profissional\/"},"author":{"name":"SDO Mo\u00e7ambique","@id":"https:\/\/sdo.co.mz\/#\/schema\/person\/95454cf15248ee2494810629a9d16dd3"},"headline":"5\u00ba Evento SDO Talks &#8211; &#8220;O papel das redes sociais na constru\u00e7\u00e3o da imagem de um profissional&#8221;","datePublished":"2023-05-12T12:07:39+00:00","dateModified":"2023-05-12T12:36:32+00:00","mainEntityOfPage":{"@id":"https:\/\/sdo.co.mz\/5o-evento-sdo-talks-o-papel-das-redes-sociais-na-construcao-da-imagem-de-um-profissional\/"},"wordCount":143,"commentCount":0,"publisher":{"@id":"https:\/\/sdo.co.mz\/#organization"},"image":{"@id":"https:\/\/sdo.co.mz\/5o-evento-sdo-talks-o-papel-das-redes-sociais-na-construcao-da-imagem-de-um-profissional\/#primaryimage"},"thumbnailUrl":"https:\/\/sdo.co.mz\/wp-content\/uploads\/2023\/05\/5M4_6622-scaled.jpg","articleSection":["Artigos"],"inLanguage":"en-GB","potentialAction":[{"@type":"CommentAction","name":"Comment","target":["https:\/\/sdo.co.mz\/5o-evento-sdo-talks-o-papel-das-redes-sociais-na-construcao-da-imagem-de-um-profissional\/#respond"]}]},{"@type":"WebPage","@id":"https:\/\/sdo.co.mz\/5o-evento-sdo-talks-o-papel-das-redes-sociais-na-construcao-da-imagem-de-um-profissional\/","url":"https:\/\/sdo.co.mz\/5o-evento-sdo-talks-o-papel-das-redes-sociais-na-construcao-da-imagem-de-um-profissional\/","name":"5\u00ba Evento SDO Talks - \"O papel das redes sociais na constru\u00e7\u00e3o da imagem de um profissional\" - SDO Mo\u00e7ambique","isPartOf":{"@id":"https:\/\/sdo.co.mz\/#website"},"primaryImageOfPage":{"@id":"https:\/\/sdo.co.mz\/5o-evento-sdo-talks-o-papel-das-redes-sociais-na-construcao-da-imagem-de-um-profissional\/#primaryimage"},"image":{"@id":"https:\/\/sdo.co.mz\/5o-evento-sdo-talks-o-papel-das-redes-sociais-na-construcao-da-imagem-de-um-profissional\/#primaryimage"},"thumbnailUrl":"https:\/\/sdo.co.mz\/wp-content\/uploads\/2023\/05\/5M4_6622-scaled.jpg","datePublished":"2023-05-12T12:07:39+00:00","dateModified":"2023-05-12T12:36:32+00:00","breadcrumb":{"@id":"https:\/\/sdo.co.mz\/5o-evento-sdo-talks-o-papel-das-redes-sociais-na-construcao-da-imagem-de-um-profissional\/#breadcrumb"},"inLanguage":"en-GB","potentialAction":[{"@type":"ReadAction","target":["https:\/\/sdo.co.mz\/5o-evento-sdo-talks-o-papel-das-redes-sociais-na-construcao-da-imagem-de-um-profissional\/"]}]},{"@type":"ImageObject","inLanguage":"en-GB","@id":"https:\/\/sdo.co.mz\/5o-evento-sdo-talks-o-papel-das-redes-sociais-na-construcao-da-imagem-de-um-profissional\/#primaryimage","url":"https:\/\/sdo.co.mz\/wp-content\/uploads\/2023\/05\/5M4_6622-scaled.jpg","contentUrl":"https:\/\/sdo.co.mz\/wp-content\/uploads\/2023\/05\/5M4_6622-scaled.jpg","width":2560,"height":1707,"caption":"5_evento_sdo_talks_04"},{"@type":"BreadcrumbList","@id":"https:\/\/sdo.co.mz\/5o-evento-sdo-talks-o-papel-das-redes-sociais-na-construcao-da-imagem-de-um-profissional\/#breadcrumb","itemListElement":[{"@type":"ListItem","position":1,"name":"In\u00edcio","item":"https:\/\/sdo.co.mz\/"},{"@type":"ListItem","position":2,"name":"5\u00ba Evento SDO Talks &#8211; &#8220;O papel das redes sociais na constru\u00e7\u00e3o da imagem de um profissional&#8221;"}]},{"@type":"WebSite","@id":"https:\/\/sdo.co.mz\/#website","url":"https:\/\/sdo.co.mz\/","name":"Home - SDO Mozambique","description":"Acreditamos no valor das PESSOAS e das ORGANIZA\u00c7\u00d5ES","publisher":{"@id":"https:\/\/sdo.co.mz\/#organization"},"potentialAction":[{"@type":"SearchAction","target":{"@type":"EntryPoint","urlTemplate":"https:\/\/sdo.co.mz\/?s={search_term_string}"},"query-input":{"@type":"PropertyValueSpecification","valueRequired":true,"valueName":"search_term_string"}}],"inLanguage":"en-GB"},{"@type":"Organization","@id":"https:\/\/sdo.co.mz\/#organization","name":"Home - SDO Mozambique","url":"https:\/\/sdo.co.mz\/","logo":{"@type":"ImageObject","inLanguage":"en-GB","@id":"https:\/\/sdo.co.mz\/#\/schema\/logo\/image\/","url":"https:\/\/sdo.co.mz\/wp-content\/uploads\/2022\/05\/sdo_logo-01-removebg-preview.png","contentUrl":"https:\/\/sdo.co.mz\/wp-content\/uploads\/2022\/05\/sdo_logo-01-removebg-preview.png","width":500,"height":500,"caption":"SDO Mo\u00e7ambique"},"image":{"@id":"https:\/\/sdo.co.mz\/#\/schema\/logo\/image\/"},"sameAs":["https:\/\/www.facebook.com\/sdo.mozambique\/","https:\/\/www.instagram.com\/sdo.mozambique\/","https:\/\/www.linkedin.com\/company\/sdo-moambique\/"]},{"@type":"Person","@id":"https:\/\/sdo.co.mz\/#\/schema\/person\/95454cf15248ee2494810629a9d16dd3","name":"Home - SDO Mozambique","image":{"@type":"ImageObject","inLanguage":"en-GB","@id":"https:\/\/secure.gravatar.com\/avatar\/74652c546e332f971e85e42bcfad6bc061f43fe8658c70c65133cde6727b22bc?s=96&d=mm&r=g","url":"https:\/\/secure.gravatar.com\/avatar\/74652c546e332f971e85e42bcfad6bc061f43fe8658c70c65133cde6727b22bc?s=96&d=mm&r=g","contentUrl":"https:\/\/secure.gravatar.com\/avatar\/74652c546e332f971e85e42bcfad6bc061f43fe8658c70c65133cde6727b22bc?s=96&d=mm&r=g","caption":"SDO Mo\u00e7ambique"},"url":"https:\/\/sdo.co.mz\/en\/author\/sdo\/"}]}},"publishpress_future_action":{"enabled":false,"date":"2026-05-07 04:11:39","action":"change-status","newStatus":"draft","terms":[],"taxonomy":"category","extraData":[]},"publishpress_future_workflow_manual_trigger":{"enabledWorkflows":[]},"_links":{"self":[{"href":"https:\/\/sdo.co.mz\/en\/wp-json\/wp\/v2\/posts\/10294","targetHints":{"allow":["GET"]}}],"collection":[{"href":"https:\/\/sdo.co.mz\/en\/wp-json\/wp\/v2\/posts"}],"about":[{"href":"https:\/\/sdo.co.mz\/en\/wp-json\/wp\/v2\/types\/post"}],"author":[{"embeddable":true,"href":"https:\/\/sdo.co.mz\/en\/wp-json\/wp\/v2\/users\/3"}],"replies":[{"embeddable":true,"href":"https:\/\/sdo.co.mz\/en\/wp-json\/wp\/v2\/comments?post=10294"}],"version-history":[{"count":3,"href":"https:\/\/sdo.co.mz\/en\/wp-json\/wp\/v2\/posts\/10294\/revisions"}],"predecessor-version":[{"id":10302,"href":"https:\/\/sdo.co.mz\/en\/wp-json\/wp\/v2\/posts\/10294\/revisions\/10302"}],"wp:featuredmedia":[{"embeddable":true,"href":"https:\/\/sdo.co.mz\/en\/wp-json\/wp\/v2\/media\/10298"}],"wp:attachment":[{"href":"https:\/\/sdo.co.mz\/en\/wp-json\/wp\/v2\/media?parent=10294"}],"wp:term":[{"taxonomy":"category","embeddable":true,"href":"https:\/\/sdo.co.mz\/en\/wp-json\/wp\/v2\/categories?post=10294"},{"taxonomy":"post_tag","embeddable":true,"href":"https:\/\/sdo.co.mz\/en\/wp-json\/wp\/v2\/tags?post=10294"}],"curies":[{"name":"wp","href":"https:\/\/api.w.org\/{rel}","templated":true}]}}