{"id":10224,"date":"2023-05-04T13:57:47","date_gmt":"2023-05-04T13:57:47","guid":{"rendered":"https:\/\/sdo.co.mz\/?p=10224"},"modified":"2023-05-04T13:57:48","modified_gmt":"2023-05-04T13:57:48","slug":"especialista-junior-em-logistica-m-f","status":"publish","type":"post","link":"https:\/\/sdo.co.mz\/es\/especialista-junior-em-logistica-m-f\/","title":{"rendered":"Especialista J\u00fanior em Log\u00edstica (m\/f)"},"content":{"rendered":"<p>A GIZ est\u00e1 a recrutar para a sua ag\u00eancia, um&nbsp;<strong>Especialista J\u00fanior em Log\u00edstica (m\/f)<\/strong>, para Maputo, Mo\u00e7ambique.<\/p>\n\n\n\n<p><strong>Data-limite de recep\u00e7\u00e3o das candidaturas:&nbsp;<\/strong>18 de Maio de 2023<\/p>\n\n\n\n<ul class=\"wp-block-list\">\n<li>A Deutsche Gesellschaft f\u00fcr Internationale Zusammenarbeit (GIZ) GmbH \u00e9 uma empresa do Governo Federal Alem\u00e3o virada para a coopera\u00e7\u00e3o internacional para o desenvolvimento sustent\u00e1vel com mais de 30 anos de experi\u00eancia.<\/li>\n\n\n\n<li>A GIZ emprega mundialmente mais de 13.000 pessoas e movimenta, ela apoia o governo alem\u00e3o na execu\u00e7\u00e3o de suas metas de desenvolvimento em mais de 130 pa\u00edses na \u00c1frica, \u00c1sia, Am\u00e9rica Latina e Europa Oriental, oferecendo, juntamente com os seus parceiros, solu\u00e7\u00f5es de coopera\u00e7\u00e3o t\u00e9cnica, adaptadas \u00e0s condi\u00e7\u00f5es vigentes nos pa\u00edses em que actua, assim como, \u00e0s experi\u00eancias do futuro para o desenvolvimento politico, econ\u00f4mico, ecol\u00f3gico e social em um mundo globalizado.<\/li>\n<\/ul>\n\n\n\n<h2 class=\"wp-block-heading\">Responsabilidades<\/h2>\n\n\n\n<ul class=\"wp-block-list\">\n<li>Fornecer assist\u00eancia em viagens, ou seja, na emiss\u00e3o de passagens a\u00e9reas, prepara\u00e7\u00e3o de adiantamentos de viagens, vistos, acomoda\u00e7\u00f5es e seguros de viagem, para todos os Colaboradores (funcion\u00e1rios, contrapartes, consultores) de acordo com as normas da GIZ;<\/li>\n\n\n\n<li>Respons\u00e1vel pelo c\u00e1lculo do\u00a0<em>Travel Claims<\/em>\u00a0para todas as viagens dom\u00e9sticas para expatriados e funcion\u00e1rios nacionais da ag\u00eancia e contraparte, e prestar apoio no c\u00e1lculo de\u00a0<em>Travel Claim<\/em>\u00a0em viagens internacionais;<\/li>\n\n\n\n<li>Respons\u00e1vel pela verifica\u00e7\u00e3o e compra de consum\u00edveis e elabora\u00e7\u00e3o do relat\u00f3rio mensal de stock;<\/li>\n\n\n\n<li>Respons\u00e1vel pelo controle de stock de material do escrit\u00f3rio (economato);<\/li>\n\n\n\n<li>Auxiliar no controle do inventario de escrit\u00f3rio, verifica\u00e7\u00e3o e registo de novas aquisi\u00e7\u00f5es e elabora\u00e7\u00e3o do relat\u00f3rio mensal;<\/li>\n\n\n\n<li>Efectuar o&nbsp;<em>procurement<\/em>, avalia\u00e7\u00e3o\/selec\u00e7\u00e3o, contrata\u00e7\u00e3o e monitoria dos eventos promovidos pelo escrit\u00f3rio, projectos\/programas e\/ou parceiros, de acordo com as diretrizes da GIZ;<\/li>\n\n\n\n<li>Prestar apoio em aquisi\u00e7\u00f5es e elabora\u00e7\u00e3o de contratos;<\/li>\n\n\n\n<li>Realizar as tarefas incumbidas pelo seu superior.<\/li>\n<\/ul>\n\n\n\n<h2 class=\"wp-block-heading\">Requisitos<\/h2>\n\n\n\n<ul class=\"wp-block-list\">\n<li>Forma\u00e7\u00e3o M\u00e9dia ou Superior em Administra\u00e7\u00e3o, Gest\u00e3o ou outra \u00e1rea que se afigure relevante para a fun\u00e7\u00e3o;<\/li>\n\n\n\n<li>Pelo menos tr\u00eas (3) anos de experi\u00eancia profissional em posi\u00e7\u00e3o relacionada;<\/li>\n\n\n\n<li>Conhecimentos s\u00f3lidos na \u00e1rea de Log\u00edstica;<\/li>\n\n\n\n<li>Conhecimento na \u00e1rea de procurement (vantagem);<\/li>\n\n\n\n<li>Bom conhecimento das Tecnologias de Informa\u00e7\u00e3o e Comunica\u00e7\u00e3o (por exemplo, MS Office);<\/li>\n\n\n\n<li>Muito bons conhecimentos das l\u00ednguas portugu\u00eas e ingl\u00eas;<\/li>\n\n\n\n<li>Disponibilidade para contrato de 1 ano (prorrog\u00e1vel baseado no Desempenho).<\/li>\n<\/ul>\n\n\n\n<h2 class=\"wp-block-heading\">Nota<\/h2>\n\n\n\n<ul class=\"wp-block-list\">\n<li>Apenas candidatos pr\u00e9-seleccionados ser\u00e3o contactados;<\/li>\n\n\n\n<li>Encorajamos mulheres, pessoas com defici\u00eancia e grupos minorit\u00e1rios a se candidatarem a esta posi\u00e7\u00e3o;<\/li>\n\n\n\n<li>A GIZ est\u00e1 comprometida com a igualdade de oportunidades e a diversidade de perspectivas no local de trabalho.<\/li>\n<\/ul>\n\n\n\n<hr class=\"wp-block-separator has-alpha-channel-opacity\"\/>\n\n\n\n<hr class=\"wp-block-separator has-alpha-channel-opacity\"\/>\n\n\n\n<div class=\"wp-block-buttons is-content-justification-left is-layout-flex wp-container-core-buttons-is-layout-fc4fd283 wp-block-buttons-is-layout-flex\">\n<div class=\"wp-block-button has-custom-font-size is-style-fill has-small-font-size\"><a class=\"wp-block-button__link has-white-color has-text-color has-background wp-element-button\" href=\"https:\/\/apply.workable.com\/sdo\/j\/BBF52A16AF\/\" style=\"background-color:#cb2122\" target=\"_blank\" rel=\"noreferrer noopener\">Candidatar a esta vaga<\/a><\/div>\n<\/div>\n\n\n\n<hr class=\"wp-block-separator has-alpha-channel-opacity\"\/>\n\n\n\n<hr class=\"wp-block-separator has-alpha-channel-opacity\"\/>\n\n\n\n<hr class=\"wp-block-separator has-alpha-channel-opacity\"\/>\n\n\n\n<p><\/p>","protected":false},"excerpt":{"rendered":"<p>A GIZ est\u00e1 a recrutar para a sua ag\u00eancia, um&nbsp;Especialista J\u00fanior em Log\u00edstica (m\/f), para Maputo, Mo\u00e7ambique. Data-limite de recep\u00e7\u00e3o das candidaturas:&nbsp;18 de Maio de 2023 Responsabilidades Requisitos Nota<\/p>","protected":false},"author":3,"featured_media":0,"comment_status":"open","ping_status":"open","sticky":false,"template":"","format":"standard","meta":{"footnotes":""},"categories":[26],"tags":[32],"class_list":["post-10224","post","type-post","status-publish","format-standard","hentry","category-vagas","tag-maputo"],"yoast_head":"<!-- This site is optimized with the Yoast SEO Premium plugin v25.9 (Yoast SEO v27.3) - https:\/\/yoast.com\/product\/yoast-seo-premium-wordpress\/ -->\n<title>Especialista J\u00fanior em Log\u00edstica (m\/f) - SDO Mo\u00e7ambique<\/title>\n<meta name=\"robots\" content=\"index, follow, max-snippet:-1, max-image-preview:large, max-video-preview:-1\" \/>\n<link rel=\"canonical\" href=\"https:\/\/sdo.co.mz\/es\/especialista-junior-em-logistica-m-f\/\" \/>\n<meta property=\"og:locale\" content=\"es_ES\" \/>\n<meta property=\"og:type\" content=\"article\" \/>\n<meta property=\"og:title\" content=\"Especialista J\u00fanior em Log\u00edstica (m\/f)\" \/>\n<meta property=\"og:description\" content=\"A GIZ est\u00e1 a recrutar para a sua ag\u00eancia, um&nbsp;Especialista J\u00fanior em Log\u00edstica (m\/f), para Maputo, Mo\u00e7ambique. Data-limite de recep\u00e7\u00e3o das candidaturas:&nbsp;18 de Maio de 2023 Responsabilidades Requisitos Nota\" \/>\n<meta property=\"og:url\" content=\"https:\/\/sdo.co.mz\/es\/especialista-junior-em-logistica-m-f\/\" \/>\n<meta property=\"og:site_name\" content=\"SDO Mo\u00e7ambique\" \/>\n<meta property=\"article:publisher\" content=\"https:\/\/www.facebook.com\/sdo.mozambique\/\" \/>\n<meta property=\"article:published_time\" content=\"2023-05-04T13:57:47+00:00\" \/>\n<meta property=\"article:modified_time\" content=\"2023-05-04T13:57:48+00:00\" \/>\n<meta name=\"author\" content=\"SDO Mo\u00e7ambique\" \/>\n<meta name=\"twitter:card\" content=\"summary_large_image\" \/>\n<meta name=\"twitter:label1\" content=\"Escrito por\" \/>\n\t<meta name=\"twitter:data1\" content=\"SDO Mo\u00e7ambique\" \/>\n\t<meta name=\"twitter:label2\" content=\"Tiempo de lectura\" \/>\n\t<meta name=\"twitter:data2\" content=\"3 minutos\" \/>\n<script type=\"application\/ld+json\" class=\"yoast-schema-graph\">{\"@context\":\"https:\\\/\\\/schema.org\",\"@graph\":[{\"@type\":\"Article\",\"@id\":\"https:\\\/\\\/sdo.co.mz\\\/especialista-junior-em-logistica-m-f\\\/#article\",\"isPartOf\":{\"@id\":\"https:\\\/\\\/sdo.co.mz\\\/especialista-junior-em-logistica-m-f\\\/\"},\"author\":{\"name\":\"SDO Mo\u00e7ambique\",\"@id\":\"https:\\\/\\\/sdo.co.mz\\\/#\\\/schema\\\/person\\\/95454cf15248ee2494810629a9d16dd3\"},\"headline\":\"Especialista J\u00fanior em Log\u00edstica (m\\\/f)\",\"datePublished\":\"2023-05-04T13:57:47+00:00\",\"dateModified\":\"2023-05-04T13:57:48+00:00\",\"mainEntityOfPage\":{\"@id\":\"https:\\\/\\\/sdo.co.mz\\\/especialista-junior-em-logistica-m-f\\\/\"},\"wordCount\":471,\"commentCount\":0,\"publisher\":{\"@id\":\"https:\\\/\\\/sdo.co.mz\\\/#organization\"},\"keywords\":[\"Maputo\"],\"articleSection\":[\"Vagas\"],\"inLanguage\":\"es\",\"potentialAction\":[{\"@type\":\"CommentAction\",\"name\":\"Comment\",\"target\":[\"https:\\\/\\\/sdo.co.mz\\\/especialista-junior-em-logistica-m-f\\\/#respond\"]}]},{\"@type\":\"WebPage\",\"@id\":\"https:\\\/\\\/sdo.co.mz\\\/especialista-junior-em-logistica-m-f\\\/\",\"url\":\"https:\\\/\\\/sdo.co.mz\\\/especialista-junior-em-logistica-m-f\\\/\",\"name\":\"Especialista J\u00fanior em Log\u00edstica (m\\\/f) - SDO Mo\u00e7ambique\",\"isPartOf\":{\"@id\":\"https:\\\/\\\/sdo.co.mz\\\/#website\"},\"datePublished\":\"2023-05-04T13:57:47+00:00\",\"dateModified\":\"2023-05-04T13:57:48+00:00\",\"breadcrumb\":{\"@id\":\"https:\\\/\\\/sdo.co.mz\\\/especialista-junior-em-logistica-m-f\\\/#breadcrumb\"},\"inLanguage\":\"es\",\"potentialAction\":[{\"@type\":\"ReadAction\",\"target\":[\"https:\\\/\\\/sdo.co.mz\\\/especialista-junior-em-logistica-m-f\\\/\"]}]},{\"@type\":\"BreadcrumbList\",\"@id\":\"https:\\\/\\\/sdo.co.mz\\\/especialista-junior-em-logistica-m-f\\\/#breadcrumb\",\"itemListElement\":[{\"@type\":\"ListItem\",\"position\":1,\"name\":\"In\u00edcio\",\"item\":\"https:\\\/\\\/sdo.co.mz\\\/\"},{\"@type\":\"ListItem\",\"position\":2,\"name\":\"Especialista J\u00fanior em Log\u00edstica (m\\\/f)\"}]},{\"@type\":\"WebSite\",\"@id\":\"https:\\\/\\\/sdo.co.mz\\\/#website\",\"url\":\"https:\\\/\\\/sdo.co.mz\\\/\",\"name\":\"SDO Mo\u00e7ambique\",\"description\":\"Acreditamos no valor das PESSOAS e das ORGANIZA\u00c7\u00d5ES\",\"publisher\":{\"@id\":\"https:\\\/\\\/sdo.co.mz\\\/#organization\"},\"potentialAction\":[{\"@type\":\"SearchAction\",\"target\":{\"@type\":\"EntryPoint\",\"urlTemplate\":\"https:\\\/\\\/sdo.co.mz\\\/?s={search_term_string}\"},\"query-input\":{\"@type\":\"PropertyValueSpecification\",\"valueRequired\":true,\"valueName\":\"search_term_string\"}}],\"inLanguage\":\"es\"},{\"@type\":\"Organization\",\"@id\":\"https:\\\/\\\/sdo.co.mz\\\/#organization\",\"name\":\"SDO Mo\u00e7ambique\",\"url\":\"https:\\\/\\\/sdo.co.mz\\\/\",\"logo\":{\"@type\":\"ImageObject\",\"inLanguage\":\"es\",\"@id\":\"https:\\\/\\\/sdo.co.mz\\\/#\\\/schema\\\/logo\\\/image\\\/\",\"url\":\"https:\\\/\\\/sdo.co.mz\\\/wp-content\\\/uploads\\\/2022\\\/05\\\/sdo_logo-01-removebg-preview.png\",\"contentUrl\":\"https:\\\/\\\/sdo.co.mz\\\/wp-content\\\/uploads\\\/2022\\\/05\\\/sdo_logo-01-removebg-preview.png\",\"width\":500,\"height\":500,\"caption\":\"SDO Mo\u00e7ambique\"},\"image\":{\"@id\":\"https:\\\/\\\/sdo.co.mz\\\/#\\\/schema\\\/logo\\\/image\\\/\"},\"sameAs\":[\"https:\\\/\\\/www.facebook.com\\\/sdo.mozambique\\\/\",\"https:\\\/\\\/www.instagram.com\\\/sdo.mozambique\\\/\",\"https:\\\/\\\/www.linkedin.com\\\/company\\\/sdo-moambique\\\/\"]},{\"@type\":\"Person\",\"@id\":\"https:\\\/\\\/sdo.co.mz\\\/#\\\/schema\\\/person\\\/95454cf15248ee2494810629a9d16dd3\",\"name\":\"SDO Mo\u00e7ambique\",\"image\":{\"@type\":\"ImageObject\",\"inLanguage\":\"es\",\"@id\":\"https:\\\/\\\/secure.gravatar.com\\\/avatar\\\/74652c546e332f971e85e42bcfad6bc061f43fe8658c70c65133cde6727b22bc?s=96&d=mm&r=g\",\"url\":\"https:\\\/\\\/secure.gravatar.com\\\/avatar\\\/74652c546e332f971e85e42bcfad6bc061f43fe8658c70c65133cde6727b22bc?s=96&d=mm&r=g\",\"contentUrl\":\"https:\\\/\\\/secure.gravatar.com\\\/avatar\\\/74652c546e332f971e85e42bcfad6bc061f43fe8658c70c65133cde6727b22bc?s=96&d=mm&r=g\",\"caption\":\"SDO Mo\u00e7ambique\"},\"url\":\"https:\\\/\\\/sdo.co.mz\\\/es\\\/author\\\/sdo\\\/\"}]}<\/script>\n<!-- \/ Yoast SEO Premium plugin. -->","yoast_head_json":{"title":"Especialista J\u00fanior em Log\u00edstica (m\/f) - SDO Mo\u00e7ambique","robots":{"index":"index","follow":"follow","max-snippet":"max-snippet:-1","max-image-preview":"max-image-preview:large","max-video-preview":"max-video-preview:-1"},"canonical":"https:\/\/sdo.co.mz\/es\/especialista-junior-em-logistica-m-f\/","og_locale":"es_ES","og_type":"article","og_title":"Especialista J\u00fanior em Log\u00edstica (m\/f)","og_description":"A GIZ est\u00e1 a recrutar para a sua ag\u00eancia, um&nbsp;Especialista J\u00fanior em Log\u00edstica (m\/f), para Maputo, Mo\u00e7ambique. Data-limite de recep\u00e7\u00e3o das candidaturas:&nbsp;18 de Maio de 2023 Responsabilidades Requisitos Nota","og_url":"https:\/\/sdo.co.mz\/es\/especialista-junior-em-logistica-m-f\/","og_site_name":"SDO Mo\u00e7ambique","article_publisher":"https:\/\/www.facebook.com\/sdo.mozambique\/","article_published_time":"2023-05-04T13:57:47+00:00","article_modified_time":"2023-05-04T13:57:48+00:00","author":"SDO Mo\u00e7ambique","twitter_card":"summary_large_image","twitter_misc":{"Escrito por":"SDO Mo\u00e7ambique","Tiempo de lectura":"3 minutos"},"schema":{"@context":"https:\/\/schema.org","@graph":[{"@type":"Article","@id":"https:\/\/sdo.co.mz\/especialista-junior-em-logistica-m-f\/#article","isPartOf":{"@id":"https:\/\/sdo.co.mz\/especialista-junior-em-logistica-m-f\/"},"author":{"name":"SDO Mo\u00e7ambique","@id":"https:\/\/sdo.co.mz\/#\/schema\/person\/95454cf15248ee2494810629a9d16dd3"},"headline":"Especialista J\u00fanior em Log\u00edstica (m\/f)","datePublished":"2023-05-04T13:57:47+00:00","dateModified":"2023-05-04T13:57:48+00:00","mainEntityOfPage":{"@id":"https:\/\/sdo.co.mz\/especialista-junior-em-logistica-m-f\/"},"wordCount":471,"commentCount":0,"publisher":{"@id":"https:\/\/sdo.co.mz\/#organization"},"keywords":["Maputo"],"articleSection":["Vagas"],"inLanguage":"es","potentialAction":[{"@type":"CommentAction","name":"Comment","target":["https:\/\/sdo.co.mz\/especialista-junior-em-logistica-m-f\/#respond"]}]},{"@type":"WebPage","@id":"https:\/\/sdo.co.mz\/especialista-junior-em-logistica-m-f\/","url":"https:\/\/sdo.co.mz\/especialista-junior-em-logistica-m-f\/","name":"Especialista J\u00fanior em Log\u00edstica (m\/f) - SDO Mo\u00e7ambique","isPartOf":{"@id":"https:\/\/sdo.co.mz\/#website"},"datePublished":"2023-05-04T13:57:47+00:00","dateModified":"2023-05-04T13:57:48+00:00","breadcrumb":{"@id":"https:\/\/sdo.co.mz\/especialista-junior-em-logistica-m-f\/#breadcrumb"},"inLanguage":"es","potentialAction":[{"@type":"ReadAction","target":["https:\/\/sdo.co.mz\/especialista-junior-em-logistica-m-f\/"]}]},{"@type":"BreadcrumbList","@id":"https:\/\/sdo.co.mz\/especialista-junior-em-logistica-m-f\/#breadcrumb","itemListElement":[{"@type":"ListItem","position":1,"name":"In\u00edcio","item":"https:\/\/sdo.co.mz\/"},{"@type":"ListItem","position":2,"name":"Especialista J\u00fanior em Log\u00edstica (m\/f)"}]},{"@type":"WebSite","@id":"https:\/\/sdo.co.mz\/#website","url":"https:\/\/sdo.co.mz\/","name":"Inicio - SDO Mozambique","description":"Acreditamos no valor das PESSOAS e das ORGANIZA\u00c7\u00d5ES","publisher":{"@id":"https:\/\/sdo.co.mz\/#organization"},"potentialAction":[{"@type":"SearchAction","target":{"@type":"EntryPoint","urlTemplate":"https:\/\/sdo.co.mz\/?s={search_term_string}"},"query-input":{"@type":"PropertyValueSpecification","valueRequired":true,"valueName":"search_term_string"}}],"inLanguage":"es"},{"@type":"Organization","@id":"https:\/\/sdo.co.mz\/#organization","name":"Inicio - SDO Mozambique","url":"https:\/\/sdo.co.mz\/","logo":{"@type":"ImageObject","inLanguage":"es","@id":"https:\/\/sdo.co.mz\/#\/schema\/logo\/image\/","url":"https:\/\/sdo.co.mz\/wp-content\/uploads\/2022\/05\/sdo_logo-01-removebg-preview.png","contentUrl":"https:\/\/sdo.co.mz\/wp-content\/uploads\/2022\/05\/sdo_logo-01-removebg-preview.png","width":500,"height":500,"caption":"SDO Mo\u00e7ambique"},"image":{"@id":"https:\/\/sdo.co.mz\/#\/schema\/logo\/image\/"},"sameAs":["https:\/\/www.facebook.com\/sdo.mozambique\/","https:\/\/www.instagram.com\/sdo.mozambique\/","https:\/\/www.linkedin.com\/company\/sdo-moambique\/"]},{"@type":"Person","@id":"https:\/\/sdo.co.mz\/#\/schema\/person\/95454cf15248ee2494810629a9d16dd3","name":"Inicio - SDO Mozambique","image":{"@type":"ImageObject","inLanguage":"es","@id":"https:\/\/secure.gravatar.com\/avatar\/74652c546e332f971e85e42bcfad6bc061f43fe8658c70c65133cde6727b22bc?s=96&d=mm&r=g","url":"https:\/\/secure.gravatar.com\/avatar\/74652c546e332f971e85e42bcfad6bc061f43fe8658c70c65133cde6727b22bc?s=96&d=mm&r=g","contentUrl":"https:\/\/secure.gravatar.com\/avatar\/74652c546e332f971e85e42bcfad6bc061f43fe8658c70c65133cde6727b22bc?s=96&d=mm&r=g","caption":"SDO Mo\u00e7ambique"},"url":"https:\/\/sdo.co.mz\/es\/author\/sdo\/"}]}},"publishpress_future_action":{"enabled":false,"date":"2026-05-07 02:28:47","action":"change-status","newStatus":"draft","terms":[],"taxonomy":"category","extraData":[]},"publishpress_future_workflow_manual_trigger":{"enabledWorkflows":[]},"_links":{"self":[{"href":"https:\/\/sdo.co.mz\/es\/wp-json\/wp\/v2\/posts\/10224","targetHints":{"allow":["GET"]}}],"collection":[{"href":"https:\/\/sdo.co.mz\/es\/wp-json\/wp\/v2\/posts"}],"about":[{"href":"https:\/\/sdo.co.mz\/es\/wp-json\/wp\/v2\/types\/post"}],"author":[{"embeddable":true,"href":"https:\/\/sdo.co.mz\/es\/wp-json\/wp\/v2\/users\/3"}],"replies":[{"embeddable":true,"href":"https:\/\/sdo.co.mz\/es\/wp-json\/wp\/v2\/comments?post=10224"}],"version-history":[{"count":1,"href":"https:\/\/sdo.co.mz\/es\/wp-json\/wp\/v2\/posts\/10224\/revisions"}],"predecessor-version":[{"id":10226,"href":"https:\/\/sdo.co.mz\/es\/wp-json\/wp\/v2\/posts\/10224\/revisions\/10226"}],"wp:attachment":[{"href":"https:\/\/sdo.co.mz\/es\/wp-json\/wp\/v2\/media?parent=10224"}],"wp:term":[{"taxonomy":"category","embeddable":true,"href":"https:\/\/sdo.co.mz\/es\/wp-json\/wp\/v2\/categories?post=10224"},{"taxonomy":"post_tag","embeddable":true,"href":"https:\/\/sdo.co.mz\/es\/wp-json\/wp\/v2\/tags?post=10224"}],"curies":[{"name":"wp","href":"https:\/\/api.w.org\/{rel}","templated":true}]}}